{"id":840,"date":"2021-06-30T14:51:16","date_gmt":"2021-06-30T17:51:16","guid":{"rendered":"https:\/\/pantallauruguay.muustackhost.com\/?post_type=noticia&#038;p=840"},"modified":"2021-06-30T14:51:16","modified_gmt":"2021-06-30T17:51:16","slug":"pantalla-uruguay-suma-otro-escritorio-la-comercializacion-a-traves-de-pantalla-uruguay-le-da-a-los-productores-otras-opciones-de-venta","status":"publish","type":"noticia","link":"https:\/\/www.pantallauruguay.com.uy\/noticia\/pantalla-uruguay-suma-otro-escritorio-la-comercializacion-a-traves-de-pantalla-uruguay-le-da-a-los-productores-otras-opciones-de-venta\/","title":{"rendered":"PANTALLA URUGUAY SUMA OTRO ESCRITORIO \u201cLa comercializaci\u00f3n a trav\u00e9s de Pantalla Uruguay le da a los productores otras opciones de venta\u201d"},"content":{"rendered":"<p>A partir de Julio, Alejandro Ilundain Negocios Rurales del departamento de Flores, se suma al consorcio Pantalla Uruguay como escritorio invitado. Se trata del primer paso para formar parte de manera definitiva de Pantalla Uruguay, un viejo anhelo de este rematador que comenz\u00f3 en la actividad en el a\u00f1o 1992 y que estuvo vinculado al escritorio Daniel Dutra hasta el a\u00f1o 2005. Si bien en varias oportunidades comercializ\u00f3 ganados en el consorcio, hasta ahora lo hab\u00eda hecho solo a trav\u00e9s de este escritorio. Ilundain record\u00f3 que en oportunidades anteriores hab\u00edan recibido la invitaci\u00f3n para ingresar a Pantalla Uruguay, pero por diferentes motivos consideraban que no era el momento indicado para hacerlo. \u201cAhora estamos convencidos. Por eso quiero agradecer especialmente a Daniel Dutra por permitirme, en primer lugar, comercializar los ganados a trav\u00e9s del escritorio, y en segundo lugar, por ser quien me invitara a participar de este tan prestigioso consorcio\u201d.Ilundain resalt\u00f3 que los remates por pantalla ampl\u00edan las oportunidades y los rangos del negocio y es a eso a lo que apuestan. \u201cLa comercializaci\u00f3n a trav\u00e9s de Pantalla Uruguay le da a los productores otras opciones de venta. Y cuantas m\u00e1s opciones tiene el productor mejor es para ellos y para nosotros\u201d. Record\u00f3 que el escritorio ha tenido un crecimiento importante en los \u00faltimos a\u00f1os contando actualmente con representantes en Rivera, zona este, y diferentes puntos del pa\u00eds. Que el escritorio comience a participar como invitado significa que este a\u00f1o participar\u00e1 en los remates para luego, formalmente, pasar a ser un miembro pleno. \u201cEs un per\u00edodo que sirve para conocernos mejor y que ayuda en la adaptaci\u00f3n de toda la parte log\u00edstica en cuanto al funcionamiento del sistema de venta\u201d, puntualiz\u00f3 Ilundain. Actualmente no hay ning\u00fan otro escritorio del departamento de Flores, ni de Durazno, hecho que los impuls\u00f3 tambi\u00e9n a formar parte de \u201ctan prestigiosa pantalla\u201d.El martillo estar\u00e1 a cargo de Juan Cruz Lorenzelli Decoud y de Alejandro Ilundain.<\/p>\n","protected":false},"featured_media":841,"parent":0,"template":"","meta":{"_acf_changed":false,"_lmt_disableupdate":"","_lmt_disable":""},"categorias_notas":[40],"class_list":["post-840","noticia","type-noticia","status-publish","has-post-thumbnail","hentry","categorias_notas-equipo"],"acf":[],"_links":{"self":[{"href":"https:\/\/www.pantallauruguay.com.uy\/api-pu\/wp\/v2\/noticia\/840","targetHints":{"allow":["GET"]}}],"collection":[{"href":"https:\/\/www.pantallauruguay.com.uy\/api-pu\/wp\/v2\/noticia"}],"about":[{"href":"https:\/\/www.pantallauruguay.com.uy\/api-pu\/wp\/v2\/types\/noticia"}],"wp:featuredmedia":[{"embeddable":true,"href":"https:\/\/www.pantallauruguay.com.uy\/api-pu\/wp\/v2\/media\/841"}],"wp:attachment":[{"href":"https:\/\/www.pantallauruguay.com.uy\/api-pu\/wp\/v2\/media?parent=840"}],"wp:term":[{"taxonomy":"categorias_notas","embeddable":true,"href":"https:\/\/www.pantallauruguay.com.uy\/api-pu\/wp\/v2\/categorias_notas?post=840"}],"curies":[{"name":"wp","href":"https:\/\/api.w.org\/{rel}","templated":true}]}}