{"id":50308,"date":"2025-11-04T17:18:36","date_gmt":"2025-11-04T20:18:36","guid":{"rendered":"https:\/\/www.pantallauruguay.com.uy\/?post_type=noticia&#038;p=50308"},"modified":"2025-11-04T17:18:36","modified_gmt":"2025-11-04T20:18:36","slug":"bienvenida-la-consignataria-a-pantalla-uruguay","status":"publish","type":"noticia","link":"https:\/\/www.pantallauruguay.com.uy\/noticia\/bienvenida-la-consignataria-a-pantalla-uruguay\/","title":{"rendered":"Bienvenida &#8220;La Consignataria&#8221; a Pantalla Uruguay"},"content":{"rendered":"<h3>Pantalla Uruguay dio un nuevo paso en su programa \u201cCuarto de Siglo\u201d<\/h3>\n<h3>En el marco del Programa \u201cCuarto de Siglo\u201d, Pantalla Uruguay contin\u00faa avanzando en su proceso de crecimiento y consolidaci\u00f3n institucional, reafirmando los valores que han acompa\u00f1ado su trayectoria durante m\u00e1s de dos d\u00e9cadas.<\/h3>\n<h3>A partir de los remates especiales de noviembre, La Consignataria se suma a Pantalla Uruguay, consolidando un nuevo paso en su historia e integrando experiencia y trayectoria para seguir construyendo v\u00ednculos basados en la confianza, la cercan\u00eda y la solidez.<\/h3>\n","protected":false},"featured_media":50309,"parent":0,"template":"","meta":{"_acf_changed":false,"_lmt_disableupdate":"","_lmt_disable":""},"categorias_notas":[9],"class_list":["post-50308","noticia","type-noticia","status-publish","has-post-thumbnail","hentry","categorias_notas-noticias"],"acf":[],"_links":{"self":[{"href":"https:\/\/www.pantallauruguay.com.uy\/api-pu\/wp\/v2\/noticia\/50308","targetHints":{"allow":["GET"]}}],"collection":[{"href":"https:\/\/www.pantallauruguay.com.uy\/api-pu\/wp\/v2\/noticia"}],"about":[{"href":"https:\/\/www.pantallauruguay.com.uy\/api-pu\/wp\/v2\/types\/noticia"}],"wp:featuredmedia":[{"embeddable":true,"href":"https:\/\/www.pantallauruguay.com.uy\/api-pu\/wp\/v2\/media\/50309"}],"wp:attachment":[{"href":"https:\/\/www.pantallauruguay.com.uy\/api-pu\/wp\/v2\/media?parent=50308"}],"wp:term":[{"taxonomy":"categorias_notas","embeddable":true,"href":"https:\/\/www.pantallauruguay.com.uy\/api-pu\/wp\/v2\/categorias_notas?post=50308"}],"curies":[{"name":"wp","href":"https:\/\/api.w.org\/{rel}","templated":true}]}}