{"id":40626,"date":"2024-06-11T12:32:20","date_gmt":"2024-06-11T15:32:20","guid":{"rendered":"https:\/\/www.pantallauruguay.com.uy\/?post_type=noticia&#038;p=40626"},"modified":"2024-06-11T12:33:51","modified_gmt":"2024-06-11T15:33:51","slug":"alejandro-dutra-presidente-de-pantalla-uruguay","status":"publish","type":"noticia","link":"https:\/\/www.pantallauruguay.com.uy\/noticia\/alejandro-dutra-presidente-de-pantalla-uruguay\/","title":{"rendered":"Alejandro Dutra, nuevo presidente de Pantalla Uruguay."},"content":{"rendered":"<p>Despu\u00e9s de dos a\u00f1os al frente de Pantalla Uruguay, Otto Fern\u00e1ndez dej\u00f3 la presidencia del consorcio, asumiendo en su lugar Alejandro Dutra. La nueva directiva esta conformada por Juan Martin Silveira como vicepresidente; Federico Jaso, Jos\u00e9 Aicardi, Rodrigo Silveira, Jorge Strauch y Fernando de la Pe\u00f1a. Dutra asegur\u00f3 que lo esta viviendo con mucha alegr\u00eda y entusiasmo \u201cvio crecer la Pantalla desde sus comienzos, ver y reconocer todo el proceso que llev\u00f3 al d\u00eda de hoy, todos los avances, todos los escritorios que se sumaron todo el proceso de desarrollo del consorcio con cambios y transformaciones importantes \u201d En tanto, Dutra resalt\u00f3 su inter\u00e9s de continuar trabajando con los mismos lineamientos que hasta ahora, con una directiva s\u00f3lida: \u201ca seguir trazando estrategias comerciales, que en estos \u00faltimos tiempos, han permitido una transformaci\u00f3n y modernizaci\u00f3n para los productores\u201d.<\/p>\n<p>Como hace m\u00e1s de 22 a\u00f1os los vendedores en Pantalla Uruguay son parte de un negocio genuino, cobrando contado sin descuento financiero. Ahora tambi\u00e9n, los compradores con l\u00ednea de cr\u00e9dito aprobada en Banco ITA\u00da podr\u00e1n acceder a 90 d\u00edas libres o beneficiarse de un descuento por pago contado, acumulable a la preoferta. El ganado vacuno esta 100% asegurado contra muerte y abigeato por Banco de Seguros del Estado con seguro plus \u2013 45 d\u00edas de cobertura. Los lotes con sello de Certificaci\u00f3n Sanitaria cuentan con la Sanidad de los productos Boehringer Ingelheim. Adem\u00e1s sostuvo que este a\u00f1o, que por cuarto a\u00f1o consecutivo Pantalla Uruguay lleva adelante un concurso de ideas orientado a las escuelas rurales de nuestro pa\u00eds. En esta cuarta edici\u00f3n, Pantalla Uruguay invita a la Fundaci\u00f3n Celeste y a sus escuelas Celestes, a participar del concurso y a su Director a participar como Jurado. Es asi que este a\u00f1o nace: \u00a1Cuentos para gambetear! Un concurso de cuentos ilustrados, donde la escuela, la ruralidad y el f\u00fatbol se vinculan en una misma historia.<\/p>\n","protected":false},"featured_media":40627,"parent":0,"template":"","meta":{"_acf_changed":false,"_lmt_disableupdate":"no","_lmt_disable":""},"categorias_notas":[9],"class_list":["post-40626","noticia","type-noticia","status-publish","has-post-thumbnail","hentry","categorias_notas-noticias"],"acf":[],"_links":{"self":[{"href":"https:\/\/www.pantallauruguay.com.uy\/api-pu\/wp\/v2\/noticia\/40626","targetHints":{"allow":["GET"]}}],"collection":[{"href":"https:\/\/www.pantallauruguay.com.uy\/api-pu\/wp\/v2\/noticia"}],"about":[{"href":"https:\/\/www.pantallauruguay.com.uy\/api-pu\/wp\/v2\/types\/noticia"}],"wp:featuredmedia":[{"embeddable":true,"href":"https:\/\/www.pantallauruguay.com.uy\/api-pu\/wp\/v2\/media\/40627"}],"wp:attachment":[{"href":"https:\/\/www.pantallauruguay.com.uy\/api-pu\/wp\/v2\/media?parent=40626"}],"wp:term":[{"taxonomy":"categorias_notas","embeddable":true,"href":"https:\/\/www.pantallauruguay.com.uy\/api-pu\/wp\/v2\/categorias_notas?post=40626"}],"curies":[{"name":"wp","href":"https:\/\/api.w.org\/{rel}","templated":true}]}}