{"id":34070,"date":"2023-09-26T09:22:53","date_gmt":"2023-09-26T12:22:53","guid":{"rendered":"https:\/\/www.pantallauruguay.com.uy\/?post_type=noticia&#038;p=34070"},"modified":"2023-09-26T09:26:37","modified_gmt":"2023-09-26T12:26:37","slug":"un-remate-en-un-momento-de-transicion-entrevista-a-federico-jaso","status":"publish","type":"noticia","link":"https:\/\/www.pantallauruguay.com.uy\/noticia\/un-remate-en-un-momento-de-transicion-entrevista-a-federico-jaso\/","title":{"rendered":"Un remate \u201cen un momento de transici\u00f3n\u201d Entrevista a Federico Jaso"},"content":{"rendered":"<p>Llega un nuevo remate de Pantalla Uruguay este jueves, con un mercado que est\u00e1 con la primavera a la vuelta de la esquina.<\/p>\n<p>\u201cTras las lluvias apareci\u00f3 el ganado y el mercado de la reposici\u00f3n est\u00e1 en un momento de transici\u00f3n\u201d se\u00f1al\u00f3 Federico Jaso, quien agreg\u00f3 que esta venta es una oportunidad para el comprador, ya que el ganado a\u00fan est\u00e1 con pocos kilos.<\/p>\n<p><iframe loading=\"lazy\" title=\"Entrevista a  Federico Jaso\" width=\"500\" height=\"281\" src=\"https:\/\/www.youtube.com\/embed\/HXd9r4iH268?feature=oembed\" frameborder=\"0\" allow=\"accelerometer; autoplay; clipboard-write; encrypted-media; gyroscope; picture-in-picture; web-share\" referrerpolicy=\"strict-origin-when-cross-origin\" allowfullscreen><\/iframe><\/p>\n","protected":false},"featured_media":34076,"parent":0,"template":"","meta":{"_acf_changed":false,"_lmt_disableupdate":"no","_lmt_disable":""},"categorias_notas":[9],"class_list":["post-34070","noticia","type-noticia","status-publish","has-post-thumbnail","hentry","categorias_notas-noticias"],"acf":[],"_links":{"self":[{"href":"https:\/\/www.pantallauruguay.com.uy\/api-pu\/wp\/v2\/noticia\/34070","targetHints":{"allow":["GET"]}}],"collection":[{"href":"https:\/\/www.pantallauruguay.com.uy\/api-pu\/wp\/v2\/noticia"}],"about":[{"href":"https:\/\/www.pantallauruguay.com.uy\/api-pu\/wp\/v2\/types\/noticia"}],"wp:featuredmedia":[{"embeddable":true,"href":"https:\/\/www.pantallauruguay.com.uy\/api-pu\/wp\/v2\/media\/34076"}],"wp:attachment":[{"href":"https:\/\/www.pantallauruguay.com.uy\/api-pu\/wp\/v2\/media?parent=34070"}],"wp:term":[{"taxonomy":"categorias_notas","embeddable":true,"href":"https:\/\/www.pantallauruguay.com.uy\/api-pu\/wp\/v2\/categorias_notas?post=34070"}],"curies":[{"name":"wp","href":"https:\/\/api.w.org\/{rel}","templated":true}]}}