{"id":28832,"date":"2023-03-27T11:07:58","date_gmt":"2023-03-27T14:07:58","guid":{"rendered":"https:\/\/www.pantallauruguay.com.uy\/?post_type=noticia&#038;p=28832"},"modified":"2023-08-17T14:44:11","modified_gmt":"2023-08-17T17:44:11","slug":"un-momento-bisagra-para-el-mercado-entrevista-a-federico-garcia-lagos","status":"publish","type":"noticia","link":"https:\/\/www.pantallauruguay.com.uy\/noticia\/un-momento-bisagra-para-el-mercado-entrevista-a-federico-garcia-lagos\/","title":{"rendered":"&#8220;Un momento bisagra para el mercado&#8221; &#8211; Entrevista a Federico Garc\u00eda Lagos"},"content":{"rendered":"<p>Previo a una nueva Ganadera Brangus, Federico Garc\u00eda Lagos, de Copagran, destac\u00f3 el impacto positivo de las lluvias en los negocios de la reposici\u00f3n y puntualiz\u00f3 la conveniencia de las diferentes herramientas disponibles en Pantalla Uruguay, tanto para el comprador, como al rematador<\/p>\n<p>&nbsp;<\/p>\n<p><iframe loading=\"lazy\" width=\"100%\" height=\"560\" src=\"https:\/\/www.youtube-nocookie.com\/embed\/03d0q_z-3nI\" title=\"YouTube video player\" frameborder=\"0\" allow=\"accelerometer; autoplay; clipboard-write; encrypted-media; gyroscope; picture-in-picture; web-share\" allowfullscreen><\/iframe><\/p>\n","protected":false},"featured_media":28835,"parent":0,"template":"","meta":{"_acf_changed":false,"_lmt_disableupdate":"no","_lmt_disable":""},"categorias_notas":[9],"class_list":["post-28832","noticia","type-noticia","status-publish","has-post-thumbnail","hentry","categorias_notas-noticias"],"acf":[],"_links":{"self":[{"href":"https:\/\/www.pantallauruguay.com.uy\/api-pu\/wp\/v2\/noticia\/28832","targetHints":{"allow":["GET"]}}],"collection":[{"href":"https:\/\/www.pantallauruguay.com.uy\/api-pu\/wp\/v2\/noticia"}],"about":[{"href":"https:\/\/www.pantallauruguay.com.uy\/api-pu\/wp\/v2\/types\/noticia"}],"wp:featuredmedia":[{"embeddable":true,"href":"https:\/\/www.pantallauruguay.com.uy\/api-pu\/wp\/v2\/media\/28835"}],"wp:attachment":[{"href":"https:\/\/www.pantallauruguay.com.uy\/api-pu\/wp\/v2\/media?parent=28832"}],"wp:term":[{"taxonomy":"categorias_notas","embeddable":true,"href":"https:\/\/www.pantallauruguay.com.uy\/api-pu\/wp\/v2\/categorias_notas?post=28832"}],"curies":[{"name":"wp","href":"https:\/\/api.w.org\/{rel}","templated":true}]}}