{"id":28139,"date":"2023-03-13T17:07:42","date_gmt":"2023-03-13T20:07:42","guid":{"rendered":"https:\/\/www.pantallauruguay.com.uy\/?post_type=noticia&#038;p=28139"},"modified":"2023-08-17T14:45:07","modified_gmt":"2023-08-17T17:45:07","slug":"hay-mucho-interes-para-encerrar-ganado-entrevista-a-alejandro-ilundain","status":"publish","type":"noticia","link":"https:\/\/www.pantallauruguay.com.uy\/noticia\/hay-mucho-interes-para-encerrar-ganado-entrevista-a-alejandro-ilundain\/","title":{"rendered":"&#8220;HAY MUCHO INTER\u00c9S PARA ENCERRAR GANADO&#8221; Entrevista a Alejandro Ilundain"},"content":{"rendered":"<p>Ante el primer remate del mes de Marzo para Pantalla Uruguay, Alejandro Ilundain destac\u00f3 que la llegada de las lluvias pronosticadas mejorar\u00e1n sensiblemente al mercado de comercializaci\u00f3n de ganado de Uruguay.<\/p>\n<div class=\"d-flex\">\n<iframe loading=\"lazy\" class=\"mx-auto my-5\" width=\"100%\" height=\"560\" src=\"https:\/\/www.youtube-nocookie.com\/embed\/i84uxKyHVPM\" title=\"YouTube video player\" frameborder=\"0\" allow=\"accelerometer; autoplay; clipboard-write; encrypted-media; gyroscope; picture-in-picture; web-share\" allowfullscreen><\/iframe>\n<\/div>\n","protected":false},"featured_media":28147,"parent":0,"template":"","meta":{"_acf_changed":false,"_lmt_disableupdate":"no","_lmt_disable":""},"categorias_notas":[9],"class_list":["post-28139","noticia","type-noticia","status-publish","has-post-thumbnail","hentry","categorias_notas-noticias"],"acf":[],"_links":{"self":[{"href":"https:\/\/www.pantallauruguay.com.uy\/api-pu\/wp\/v2\/noticia\/28139","targetHints":{"allow":["GET"]}}],"collection":[{"href":"https:\/\/www.pantallauruguay.com.uy\/api-pu\/wp\/v2\/noticia"}],"about":[{"href":"https:\/\/www.pantallauruguay.com.uy\/api-pu\/wp\/v2\/types\/noticia"}],"wp:featuredmedia":[{"embeddable":true,"href":"https:\/\/www.pantallauruguay.com.uy\/api-pu\/wp\/v2\/media\/28147"}],"wp:attachment":[{"href":"https:\/\/www.pantallauruguay.com.uy\/api-pu\/wp\/v2\/media?parent=28139"}],"wp:term":[{"taxonomy":"categorias_notas","embeddable":true,"href":"https:\/\/www.pantallauruguay.com.uy\/api-pu\/wp\/v2\/categorias_notas?post=28139"}],"curies":[{"name":"wp","href":"https:\/\/api.w.org\/{rel}","templated":true}]}}