{"id":26215,"date":"2023-01-25T13:25:56","date_gmt":"2023-01-25T16:25:56","guid":{"rendered":"https:\/\/www.pantallauruguay.com.uy\/?post_type=noticia&#038;p=26215"},"modified":"2023-01-26T08:21:46","modified_gmt":"2023-01-26T11:21:46","slug":"tenemos-toda-la-expectativa-de-que-este-sera-un-ano-con-condiciones-mas-favorables","status":"publish","type":"noticia","link":"https:\/\/www.pantallauruguay.com.uy\/noticia\/tenemos-toda-la-expectativa-de-que-este-sera-un-ano-con-condiciones-mas-favorables\/","title":{"rendered":"\u201cTenemos toda la expectativa de que este ser\u00e1 un a\u00f1o con condiciones m\u00e1s favorables\u201d"},"content":{"rendered":"<p>Pantalla Uruguay tendr\u00e1 este 26 de enero su primera actividad del 2023, con un mercado que est\u00e1 marcado por la falta de lluvias, pero tambi\u00e9n por el debilitamiento de La Ni\u00f1a, lo que fue analizado por Otto Fern\u00e1ndez<\/p>\n<p>El presidente de Pantalla Uruguay, Otto Fern\u00e1ndez, se refiri\u00f3 al primer remate del a\u00f1o para el consorcio, se\u00f1alando que \u201ctenemos toda la expectativa de que este a\u00f1o se den condiciones m\u00e1s favorables\u201d. Sobre esto, a\u00f1adi\u00f3 que \u201cla respuesta la estamos teniendo desde el lado de la industria, donde ha ido semana a semana escalando algunos centavos, y por ende la necesidad vendedora de muchos productores de todo el pa\u00eds, que est\u00e1n acompa\u00f1ando este primer remate de Pantalla Uruguay, donde son muchas las expectativas sobre cu\u00e1l va a ser el comportamiento\u00a0 del mercado\u201d.<\/p>\n<p>Fern\u00e1ndez subray\u00f3 que se apuesta \u201ca los buenos precios de la industria para los ganados de pronta terminaci\u00f3n, pero tambi\u00e9n hay otra influencias en el mercado, como la exportaci\u00f3n en pie, que se ha recompuesto por diversos motivos, por lo que los operadores y acopiadores salen nuevamente a comprar y eso est\u00e1 generando\u00a0 una demanda un poco m\u00e1s intensa de lo que se ven\u00eda dando\u201d.<\/p>\n<p>A vez, reconoci\u00f3 que la oferta en la reposici\u00f3n est\u00e1 siendo \u201climitada\u201d, porque el productor est\u00e1 \u00a0monitoreando el mercado, teniendo en cuenta que se est\u00e1 con un d\u00e9ficit h\u00eddrico importante, pero\u00a0 por otra parte tambi\u00e9n, los empresarios est\u00e1n esperando con expectativa las lluvias y con eso una mejora en el estado del ganado.<\/p>\n<p>\u201cTodo eso conlleva a que la demanda por ahora va superando la oferta y en este remate de Pantalla Uruguay indudablemente estamos apostando a la gente que tiene comida y productores que necesitan reponer\u201d dijo.<\/p>\n<p>Por \u00faltimo dijo que la oferta ser\u00e1 \u201ccon carcasas que van a tener menos kilos, pero con buena calidad, porque est\u00e1n saliendo ventas de rodeos tradicionales y de ciclo completo que lo venden por el momento deficitario de lluvia y de fibra, por lo que el que compre se va a hacer de ganados de alt\u00edsima calidad\u201d.<\/p>\n","protected":false},"featured_media":26218,"parent":0,"template":"","meta":{"_acf_changed":false,"_lmt_disableupdate":"no","_lmt_disable":""},"categorias_notas":[53],"class_list":["post-26215","noticia","type-noticia","status-publish","has-post-thumbnail","hentry","categorias_notas-mercados"],"acf":[],"_links":{"self":[{"href":"https:\/\/www.pantallauruguay.com.uy\/api-pu\/wp\/v2\/noticia\/26215","targetHints":{"allow":["GET"]}}],"collection":[{"href":"https:\/\/www.pantallauruguay.com.uy\/api-pu\/wp\/v2\/noticia"}],"about":[{"href":"https:\/\/www.pantallauruguay.com.uy\/api-pu\/wp\/v2\/types\/noticia"}],"wp:featuredmedia":[{"embeddable":true,"href":"https:\/\/www.pantallauruguay.com.uy\/api-pu\/wp\/v2\/media\/26218"}],"wp:attachment":[{"href":"https:\/\/www.pantallauruguay.com.uy\/api-pu\/wp\/v2\/media?parent=26215"}],"wp:term":[{"taxonomy":"categorias_notas","embeddable":true,"href":"https:\/\/www.pantallauruguay.com.uy\/api-pu\/wp\/v2\/categorias_notas?post=26215"}],"curies":[{"name":"wp","href":"https:\/\/api.w.org\/{rel}","templated":true}]}}