{"id":25601,"date":"2022-12-21T13:44:34","date_gmt":"2022-12-21T16:44:34","guid":{"rendered":"https:\/\/www.pantallauruguay.com.uy\/?post_type=noticia&#038;p=25601"},"modified":"2022-12-21T13:49:47","modified_gmt":"2022-12-21T16:49:47","slug":"reposicion-continua-con-tendencia-al-alza","status":"publish","type":"noticia","link":"https:\/\/www.pantallauruguay.com.uy\/noticia\/reposicion-continua-con-tendencia-al-alza\/","title":{"rendered":"Reposici\u00f3n continua con tendencia al alza"},"content":{"rendered":"<p><strong><em>El pr\u00f3ximo mi\u00e9rcoles y jueves, Pantalla Uruguay realizar\u00e1 su \u00faltimo remate del a\u00f1o con una oferta abultada al cierre del 2022. Tras la baja en la salida del invierno, los valores de la reposici\u00f3n se recuperaron en un mercado donde la oferta no es abundante, asegur\u00f3 Marcelo Alori, director de Alori &amp; C\u00eda. <\/em><\/strong><\/p>\n<p>&nbsp;<\/p>\n<p>Con una oferta de m\u00e1s de <strong>9.5<\/strong><strong>00 vacunos y m\u00e1s de 2.000 lanares<\/strong>, Pantalla Uruguay realizar\u00e1 su remate n\u00famero 250, cerrando un a\u00f1o donde el volumen de comercializaci\u00f3n superar\u00e1 al 2021. Alori record\u00f3 que a la salida del invierno, la reposici\u00f3n registr\u00f3 una baja de precios, acompa\u00f1ando la tendencia del mercado para el ganado gordo, pero asegur\u00f3 que desde hace unos meses se observa una recuperaci\u00f3n en los precios. \u201cRemate a remate y mes a mes, vemos que los precios han ido ganando terreno\u201d, enfatiz\u00f3. Agreg\u00f3 que la oferta durante la primavera ha sido \u201cbastante justa\u201d, lo que motiv\u00f3 la recuperaci\u00f3n de precios a pesar de las fluctuaciones que ha registrado el mercado para el ganado gordo.<\/p>\n<p>En este sentido, se\u00f1al\u00f3 que diciembre siempre es un mes donde se registra una baja en los valores del ganado gordo ya que el productor necesita vender para cumplir con sus compromisos, mientras que la industria baja la faena. Agreg\u00f3 que la falta de lluvias en algunos puntos del pa\u00eds es otro factor que est\u00e1 incidiendo en esta baja de precios, lo que provoca que haya m\u00e1s oferta de ganados con destino a faena. \u201cCreo que, si el clima acompa\u00f1a, en enero nuevamente vamos a tener una recuperaci\u00f3n en los valores\u201d.<\/p>\n<p>A nivel forrajero, Alori se\u00f1al\u00f3 que las lluvias han sido muy desparejas. \u201cEn algunas zonas las precipitaciones han sido buenas, mientras que en otras no\u201d, puntualiz\u00f3. Agreg\u00f3 que, por ejemplo en Cerro Largo, ven\u00eda lloviendo bien, pero ahora \u201cse neg\u00f3 el agua\u201d. De todas formas consider\u00f3 que en t\u00e9rminos generales, los campos ingresar\u00e1n en buenas condiciones al verano.<\/p>\n<p>En este contexto, el operador estim\u00f3 que en el remate 250\u00b0 de Pantalla Uruguay habr\u00e1 buena demanda por todas las categor\u00edas. \u201cDespu\u00e9s de esta venta vamos a tener casi un mes y medio sin remate, por lo que el productor que necesite reponer, lo va a tener que hacer ahora\u201d. A su vez, estim\u00f3 que los valores se mantendr\u00e1n en los mismos niveles que se han registrado en las \u00faltimas ventas con altos niveles de colocaci\u00f3n.<\/p>\n<p>Por \u00faltimo, Alori destac\u00f3 que las herramientas incorporadas por el consorcio durante este a\u00f1o han sido muy positivas. \u201cTodas suman en distintos momentos del a\u00f1o y seg\u00fan las situaciones. Son todos instrumentos que han causado efectos positivos que hemos tratado de ir mejorando para darle un mejor servicio al productor\u201d, puntualiz\u00f3. Agreg\u00f3 que el balance del a\u00f1o para el consorcio es sumamente favorable, con ventas que seguramente est\u00e9n por encima de los niveles comercializados durante el 2021.<\/p>\n","protected":false},"featured_media":25604,"parent":0,"template":"","meta":{"_acf_changed":false,"_lmt_disableupdate":"no","_lmt_disable":""},"categorias_notas":[232],"class_list":["post-25601","noticia","type-noticia","status-publish","has-post-thumbnail","hentry","categorias_notas-consorcio"],"acf":[],"_links":{"self":[{"href":"https:\/\/www.pantallauruguay.com.uy\/api-pu\/wp\/v2\/noticia\/25601","targetHints":{"allow":["GET"]}}],"collection":[{"href":"https:\/\/www.pantallauruguay.com.uy\/api-pu\/wp\/v2\/noticia"}],"about":[{"href":"https:\/\/www.pantallauruguay.com.uy\/api-pu\/wp\/v2\/types\/noticia"}],"wp:featuredmedia":[{"embeddable":true,"href":"https:\/\/www.pantallauruguay.com.uy\/api-pu\/wp\/v2\/media\/25604"}],"wp:attachment":[{"href":"https:\/\/www.pantallauruguay.com.uy\/api-pu\/wp\/v2\/media?parent=25601"}],"wp:term":[{"taxonomy":"categorias_notas","embeddable":true,"href":"https:\/\/www.pantallauruguay.com.uy\/api-pu\/wp\/v2\/categorias_notas?post=25601"}],"curies":[{"name":"wp","href":"https:\/\/api.w.org\/{rel}","templated":true}]}}