{"id":24266,"date":"2022-11-13T11:08:31","date_gmt":"2022-11-13T14:08:31","guid":{"rendered":"https:\/\/www.pantallauruguay.com.uy\/?post_type=noticia&#038;p=24266"},"modified":"2022-11-13T11:09:29","modified_gmt":"2022-11-13T14:09:29","slug":"de-freitas-ningun-programa-sanitario-esta-escrito-sobre-piedra","status":"publish","type":"noticia","link":"https:\/\/www.pantallauruguay.com.uy\/noticia\/de-freitas-ningun-programa-sanitario-esta-escrito-sobre-piedra\/","title":{"rendered":"De Freitas: \u201cNing\u00fan programa sanitario est\u00e1 escrito sobre piedra\u201d"},"content":{"rendered":"<p><strong><em>El Ministerio de Ganader\u00eda, Agricultura y Pesca contin\u00faa trabajando junto a las gremiales y a trav\u00e9s de la Comisi\u00f3n Nacional Honoraria de Salud Animal (Conahsa), buscando mejorar la campa\u00f1a de lucha contra la brucelosis. El surgimiento de focos en caba\u00f1as durante la zafra de reproductores encendi\u00f3 la alarma y, mientras los veterinarios sugieren cambios, desde el Ministerio se asegura que ning\u00fan programa sanitario \u201cest\u00e1 escrito sobre piedra ni es sagrado\u201d, por lo cual se est\u00e1 analizando qu\u00e9 herramientas se pueden incorporar para disminuir los perjuicios del productor.<\/em><\/strong><\/p>\n<p>El director general de los Servicios Ganaderos del MGAP Diego de Freitas, asegur\u00f3 que desde el Ministerio est\u00e1n en contacto permanente con las distintas gremiales de productores, buscando qu\u00e9 aspectos se pueden introducir para mejorar las campa\u00f1as sanitarias. \u201cNing\u00fan programa sanitario est\u00e1 escrito sobre piedra ni es sagrado. Estamos continuamente estudiando los programas y viendo qu\u00e9 herramientas podemos ir agregando, por lo cual es muy importante la participaci\u00f3n de todas las partes involucradas\u201d, asegur\u00f3.<\/p>\n<p>En el caso de la campa\u00f1a de brucelosis, la pol\u00e9mica por la aparici\u00f3n de casos en caba\u00f1as durante la zafra de reproductores puso nuevamente sobre la mesa la necesidad de introducir cambios en la misma.<\/p>\n<p>De hecho De Freitas reconoci\u00f3 que en el decreto correspondiente del a\u00f1o 2017 se habla de una campa\u00f1a de erradicaci\u00f3n mientras en realidad es de control de la enfermedad. \u201cSabemos que cuando el productor pasa a ser foco, sin duda tiene muchos perjuicios por lo que tenemos que ver la posibilidad de que ese productor tenga la menor cantidad de complicaciones, pero siempre garantizando la parte sanitaria\u201d. Por esa raz\u00f3n, desde el MGAP \u201cestamos escuchando\u201d a las partes involucradas para hacer las modificaciones necesarias para palear esos perjuicios cuando el productor pasa a ser foco.<\/p>\n<p>Agreg\u00f3 que los t\u00e9cnicos del MGAP tambi\u00e9n est\u00e1n permanentemente analizando los focos, la prevalencia de la enfermedad y las herramientas que se le puedan agregar a la campa\u00f1a para mejorarla. De todas formas De Freitas asegur\u00f3 que es una campa\u00f1a de control que \u201ctiene una baja prevalencia tanto en enfermedad como en predio\u201d, pero reconoci\u00f3 que ser foco le genera muchos problemas al productor. A su vez, remarc\u00f3 que, si bien la pol\u00e9mica se puso sobre la mesa porque se dieron casos en caba\u00f1as, en un momento muy particular como la zafra de toros, \u201cnos preocupan los focos que se dan en todos los establecimientos\u201d. A su vez reconoci\u00f3 que aparecieron m\u00e1s focos que otros a\u00f1os, pero enfatiz\u00f3 con que la prevalencia de la enfermedad sigue manteni\u00e9ndose por debajo del 1%. Por lo tanto resalt\u00f3 que \u201ces una campa\u00f1a que est\u00e1 controlada\u201d. A su vez, sostuvo que se han incrementado los rastreos y la vigilancia ya que, con la aparici\u00f3n de nuevos focos, se incrementan los sangrados.<\/p>\n<p>Por otra parte, el director general de los Servicios Ganaderos del MGAP se refiri\u00f3 al planteo de las gremiales lecheras que se mostraron en desacuerdo por los cambios en las refrendaciones anuales de los tambos, relacionado con\u00a0la no obligatoriedad del sangrado para detectar brucelosis. Si bien la resoluci\u00f3n a\u00fan no est\u00e1 operativa, De Freitas explic\u00f3 que lo que se busc\u00f3 fue quitarle presi\u00f3n a los productores, pero basados en datos oficiales. Sostuvo que hay 3.410 tambos registrados en el SNIG de los cuales 9 son positivos a brucelosis con una prevalencia de un 0,025%. Este a\u00f1o se han hecho 340.640 sangrados en el marco de la vigilancia de la refrendaci\u00f3n con una prevalencia de 0,02%. Tomando en cuenta eso, \u201cpensamos que era l\u00f3gico quitarle un poco de presi\u00f3n a los productores, manteniendo que los predios que sean foco deban seguir sangrando\u201d.<\/p>\n<p>Sobre la sugerencia de algunas gremiales de que en \u00e1reas comprometidas o complicadas por la brucelosis se vacune y se eleve la lectura al MGAP para que quede el antecedente, De Freitas sostuvo que es una posibilidad que est\u00e1n evaluando, pero record\u00f3 que la vacunaci\u00f3n es libre, mientras que para los focos y linderos es obligatorio.<\/p>\n<p>\u201cSiendo libre la vacunaci\u00f3n hoy tenemos un 40% de cobertura. Nuestra recomendaci\u00f3n es que el productor vacune, ya que es una herramienta muy importante para la campa\u00f1a\u201d, sentenci\u00f3.<\/p>\n<p>&nbsp;<\/p>\n","protected":false},"featured_media":24267,"parent":0,"template":"","meta":{"_acf_changed":false,"_lmt_disableupdate":"","_lmt_disable":""},"categorias_notas":[11],"class_list":["post-24266","noticia","type-noticia","status-publish","has-post-thumbnail","hentry","categorias_notas-actualidad"],"acf":[],"_links":{"self":[{"href":"https:\/\/www.pantallauruguay.com.uy\/api-pu\/wp\/v2\/noticia\/24266","targetHints":{"allow":["GET"]}}],"collection":[{"href":"https:\/\/www.pantallauruguay.com.uy\/api-pu\/wp\/v2\/noticia"}],"about":[{"href":"https:\/\/www.pantallauruguay.com.uy\/api-pu\/wp\/v2\/types\/noticia"}],"wp:featuredmedia":[{"embeddable":true,"href":"https:\/\/www.pantallauruguay.com.uy\/api-pu\/wp\/v2\/media\/24267"}],"wp:attachment":[{"href":"https:\/\/www.pantallauruguay.com.uy\/api-pu\/wp\/v2\/media?parent=24266"}],"wp:term":[{"taxonomy":"categorias_notas","embeddable":true,"href":"https:\/\/www.pantallauruguay.com.uy\/api-pu\/wp\/v2\/categorias_notas?post=24266"}],"curies":[{"name":"wp","href":"https:\/\/api.w.org\/{rel}","templated":true}]}}