{"id":23041,"date":"2022-09-28T10:26:04","date_gmt":"2022-09-28T13:26:04","guid":{"rendered":"https:\/\/pantallauruguay.com.uy\/?post_type=noticia&#038;p=23041"},"modified":"2022-09-28T10:28:32","modified_gmt":"2022-09-28T13:28:32","slug":"el-ajuste-de-precios-ya-se-dio-mercado-busca-un-nuevo-equilibrio-rodrigo-silveira","status":"publish","type":"noticia","link":"https:\/\/www.pantallauruguay.com.uy\/noticia\/el-ajuste-de-precios-ya-se-dio-mercado-busca-un-nuevo-equilibrio-rodrigo-silveira\/","title":{"rendered":"El ajuste de precios ya se dio; mercado busca un nuevo equilibrio &#8211; Rodrigo Silveira"},"content":{"rendered":"<p><strong><em>El pr\u00f3ximo mi\u00e9rcoles y jueves, Pantalla Uruguay realizar\u00e1 su primer remate de primavera con una oferta que rondar\u00e1 los 11.000 vacunos certificados y 4.500 ovinos. A pesar de la correcci\u00f3n en el mercado para el ganado gordo, Rodrigo Silveira, director del escritorio Silveira Negocios Rurales asegur\u00f3 que la demanda por reposici\u00f3n contin\u00faa firme y asegur\u00f3 que \u201cel momento que ten\u00eda la industria para ajustar valores fue ahora y ya se dio, por lo cual de aqu\u00ed en adelante se puede empezar a buscar un nuevo equilibrio a mejores precios\u201d.<\/em><\/strong><\/p>\n<p>De cara al remate 246 de Pantalla Uruguay, la primera subasta de primavera del consorcio, Silveira asegur\u00f3 que contar\u00e1n con una muy buena oferta de calidad, con ganados que vienen \u201ccon los kilos del invierno, por lo cual es una buena oportunidad para adquirir ganados livianos\u201d.<\/p>\n<p>Si bien el ajuste que tuvo el mercado para el ganado gordo golpe\u00f3 a la reposici\u00f3n, el operador asegur\u00f3 que la demanda contin\u00faa firme. \u201cHemos visto mucho inter\u00e9s en los negocios particulares o en las ferias ganaderas donde se ha colocado toda la oferta que sali\u00f3 a la venta\u201d.<\/p>\n<p>Aunque se siente la falta de agua en algunas zonas del pa\u00eds, lo cual siempre es una condici\u00f3n para el productor a la hora de concretar negocios, la entrada a la primavera genera perspectivas favorables. \u201cLa primavera es el per\u00edodo del a\u00f1o en el cual se agrandan los campos y crece el campo natural que es la principal oferta forrajera del pa\u00eds, lo cual genera otro \u00e1nimo en el productor\u201d.<\/p>\n<p>En cuanto al mercado, Silveira se\u00f1al\u00f3 que parece haberse encontrado un nuevo equilibrio en los precios. \u201cEsa tendencia a la baja, que fue muy marcada con correcciones de hasta un d\u00f3lar por kilo en el novillo en pocos d\u00edas, se dio como consecuencia de que China cubri\u00f3 sus compras de carne, lo que repercuti\u00f3 en el mercado local\u201d. Silveira agreg\u00f3 que la faena viene siendo baja, lo que demuestra que no exist\u00eda inter\u00e9s de los frigor\u00edficos por proponer mejores valores, al tiempo que la oferta es escasa. De todas formas estim\u00f3 que esta tendencia podr\u00eda cambiar con las lluvias, lo que siempre es una tranquilidad para el productor que puede retener los ganados a la espera de mejores valores.<\/p>\n<p>\u201cEl momento que ten\u00eda la industria para ajustar valores fue ahora y ya se dio, por lo cual de aqu\u00ed en adelante se puede empezar a buscar un nuevo equilibrio en el mercado a mejores precios\u201d.<\/p>\n<p>Sobre la situaci\u00f3n productiva en su zona, Silveira asegur\u00f3 que en Cerro Largo, no es que est\u00e9 faltando el agua sino que \u201cven\u00edamos acostumbrados a lluvias regulares\u201d. Con campos que est\u00e1n soportando mucha carga, como ocurre a lo largo y ancho de todo el pa\u00eds, \u201csiempre es bueno que las precipitaciones sean regulares\u201d, puntualiz\u00f3.<\/p>\n<p>Como es habitual, la financiaci\u00f3n del remate 246 de Pantalla Uruguay que se desarrollar\u00e1 el mi\u00e9rcoles 28 a partir de las 14:00 y el jueves 29 a partir de las 9:00 estar\u00e1 a cargo de Banco ITAU con un plazo de 90 d\u00edas libres y hasta un a\u00f1o previa consulta. Adem\u00e1s, el productor contar\u00e1 con la herramienta del Pre Martillo, la cual le permite acceder a adelantos en todas las categor\u00edas adem\u00e1s de descuentos por preofertas de 17%.<\/p>\n<p>&nbsp;<\/p>\n<p>&nbsp;<\/p>\n<p>&nbsp;<\/p>\n","protected":false},"featured_media":23043,"parent":0,"template":"","meta":{"_acf_changed":false,"_lmt_disableupdate":"","_lmt_disable":""},"categorias_notas":[11],"class_list":["post-23041","noticia","type-noticia","status-publish","has-post-thumbnail","hentry","categorias_notas-actualidad"],"acf":[],"_links":{"self":[{"href":"https:\/\/www.pantallauruguay.com.uy\/api-pu\/wp\/v2\/noticia\/23041","targetHints":{"allow":["GET"]}}],"collection":[{"href":"https:\/\/www.pantallauruguay.com.uy\/api-pu\/wp\/v2\/noticia"}],"about":[{"href":"https:\/\/www.pantallauruguay.com.uy\/api-pu\/wp\/v2\/types\/noticia"}],"wp:featuredmedia":[{"embeddable":true,"href":"https:\/\/www.pantallauruguay.com.uy\/api-pu\/wp\/v2\/media\/23043"}],"wp:attachment":[{"href":"https:\/\/www.pantallauruguay.com.uy\/api-pu\/wp\/v2\/media?parent=23041"}],"wp:term":[{"taxonomy":"categorias_notas","embeddable":true,"href":"https:\/\/www.pantallauruguay.com.uy\/api-pu\/wp\/v2\/categorias_notas?post=23041"}],"curies":[{"name":"wp","href":"https:\/\/api.w.org\/{rel}","templated":true}]}}