{"id":23037,"date":"2022-09-28T10:15:53","date_gmt":"2022-09-28T13:15:53","guid":{"rendered":"https:\/\/pantallauruguay.com.uy\/?post_type=noticia&#038;p=23037"},"modified":"2022-09-28T10:17:23","modified_gmt":"2022-09-28T13:17:23","slug":"genetica-selecta-de-primavera","status":"publish","type":"noticia","link":"https:\/\/www.pantallauruguay.com.uy\/noticia\/genetica-selecta-de-primavera\/","title":{"rendered":"Gen\u00e9tica Selecta de Primavera &#8211; Lanzamiento"},"content":{"rendered":"<p><strong><em>Luego del \u00e9xito obtenido con el primer remate Select de Terneros en oto\u00f1o, donde se vendi\u00f3 el 100% de la oferta, el 6 de diciembre se realizar\u00e1 una nueva edici\u00f3n con este formato, ofreci\u00e9ndose Vaquillonas puras y Piezas de cr\u00eda puras y caretas de las razas Angus y Hereford. \u00a0La actividad, a desarrollarse desde la Rural de Durazno, busca unir en un remate exclusivo el ganado de mejor calidad de las principales razas carniceras del pa\u00eds. <\/em><\/strong><\/p>\n<p>La primera edici\u00f3n del remate Select cont\u00f3 con una oferta de 4235 terneros sellados de primer\u00edsima calidad, que se vendieron en su totalidad. Por esta raz\u00f3n, desde Pantalla Uruguay estamos contentos de anunciar el segundo remate en este mismo formato ahora para Primavera.<\/p>\n<p>El formato Select surgi\u00f3 a iniciativa del consorcio, con la intenci\u00f3n de unir en un mismo remate exclusivo, el ganado de mejor calidad de las dos principales razas carniceras de nuestro pa\u00eds: Angus y Hereford. Gracias al apoyo de las sociedades de criadores, se logr\u00f3 un producto \u00fanico, con el que estamos muy satisfechos y comprometidos.<\/p>\n<p>Tal es as\u00ed que tenemos el agrado de anunciar la segunda edici\u00f3n del formato, y primer Select de Primavera.<\/p>\n<p>En esta edici\u00f3n remataremos Vaquillonas puras y Piezas de cr\u00eda puras y caretas, selladas de ambas razas al igual que fuera el remate de terneros de oto\u00f1o.<\/p>\n<p>Para marcar en el calendario, la fecha elegida es el 6 de diciembre, y lo realizaremos desde la Sociedad Rural de Durazno, quedando todos cordialmente invitados.<\/p>\n<p>Los escritorios de Pantalla Uruguay queremos estar cada vez m\u00e1s cerca del productor ganadero y decidimos comenzar por el coraz\u00f3n del pa\u00eds.<\/p>\n<p>&nbsp;<\/p>\n","protected":false},"featured_media":23038,"parent":0,"template":"","meta":{"_acf_changed":false,"_lmt_disableupdate":"","_lmt_disable":""},"categorias_notas":[9],"class_list":["post-23037","noticia","type-noticia","status-publish","has-post-thumbnail","hentry","categorias_notas-noticias"],"acf":[],"_links":{"self":[{"href":"https:\/\/www.pantallauruguay.com.uy\/api-pu\/wp\/v2\/noticia\/23037","targetHints":{"allow":["GET"]}}],"collection":[{"href":"https:\/\/www.pantallauruguay.com.uy\/api-pu\/wp\/v2\/noticia"}],"about":[{"href":"https:\/\/www.pantallauruguay.com.uy\/api-pu\/wp\/v2\/types\/noticia"}],"wp:featuredmedia":[{"embeddable":true,"href":"https:\/\/www.pantallauruguay.com.uy\/api-pu\/wp\/v2\/media\/23038"}],"wp:attachment":[{"href":"https:\/\/www.pantallauruguay.com.uy\/api-pu\/wp\/v2\/media?parent=23037"}],"wp:term":[{"taxonomy":"categorias_notas","embeddable":true,"href":"https:\/\/www.pantallauruguay.com.uy\/api-pu\/wp\/v2\/categorias_notas?post=23037"}],"curies":[{"name":"wp","href":"https:\/\/api.w.org\/{rel}","templated":true}]}}