{"id":21478,"date":"2022-07-26T12:15:18","date_gmt":"2022-07-26T15:15:18","guid":{"rendered":"https:\/\/pantallauruguay.com.uy\/?post_type=noticia&#038;p=21478"},"modified":"2022-08-16T09:38:12","modified_gmt":"2022-08-16T12:38:12","slug":"estar-en-pantalla-uruguay-te-abre-muchas-puertas","status":"publish","type":"noticia","link":"https:\/\/www.pantallauruguay.com.uy\/noticia\/estar-en-pantalla-uruguay-te-abre-muchas-puertas\/","title":{"rendered":"\u201cEstar en Pantalla Uruguay te abre muchas puertas\u201d &#8211; Andr\u00e9s Sciarra Director Campo Abierto"},"content":{"rendered":"<p><strong><em>Campo Abierto tambi\u00e9n se incorpora a Pantalla Uruguay como miembro pleno a partir del remate n\u00b0244 que comenzar\u00e1 este jueves 28. \u201cFue una buena experiencia para nosotros y una prueba para el consorcio cuyos integrantes confiaron en nosotros\u201d, remarc\u00f3 Andr\u00e9s Sciarra, director del escritorio ubicado en Montevideo. El rematador destac\u00f3 a Pantalla Uruguay como un consorcio compuesto por escritorios de gran trayectoria y prestigio, adem\u00e1s de un excelente grupo humano que les brind\u00f3 apoyo desde el comienzo. <\/em><\/strong><\/p>\n<p>A pesar de que Campo Abierto es un escritorio relativamente nuevo, remarc\u00f3 la apertura que tuvieron los socios del consorcio de aceptarlos, primero como invitados y ahora como miembros plenos, por lo cual Sciarra consider\u00f3 que \u201cno pod\u00edamos fallarles ni en la cantidad de ganado que deb\u00edamos conseguir en cada remate, ni en la calidad de los mismos\u201d. A su vez resalt\u00f3 al equipo, no solo de los escritorios sino a quienes est\u00e1n detr\u00e1s de Pantalla Uruguay, remarcando el apoyo incondicional recibido por su gerente, Valeria Sasso.<\/p>\n<p>Sciarra consider\u00f3 que integrar Pantalla Uruguay abre muchas puertas ya que, previo a cada remate, clientes del consorcio ven los cat\u00e1logos de los escritorios por lo que, formar parte de \u00e9l, permite contactar con nuevos productores, los cuales estan ubicados en diferentes puntos del pa\u00eds. \u201cTodos los meses aparecen nuevos clientes y de distintas zonas\u201d. A su vez, destac\u00f3 el prestigio que implica formar parte del consorcio integrado por escritorios con mucha trayectoria y reconocimiento.<\/p>\n<p>Analizando el mercado para el ganado gordo, Sciarra consider\u00f3 que luego de la inactividad de algunas plantas, lo que llev\u00f3 a que los precios de algunas categor\u00edas \u201cestuvieran algo trancadas\u201d, los valores mejoraron levemente. \u201cLas cargas est\u00e1n r\u00e1pidas\u201d, se\u00f1al\u00f3. A su vez, los productores estaban esperando qu\u00e9 suced\u00eda despu\u00e9s de las lluvias, por lo cual estaban \u201caguantando\u201d los ganados. El operador se\u00f1al\u00f3 que las lluvias fueron \u201cserenas\u201d, d\u00e1ndole un buen empuje a los verdeos. \u201cDe la semana pasada a esta se vio un cambio importante en los verdeos\u201d.<\/p>\n<p>En cuanto a la reposici\u00f3n, sostuvo que opera con menos oferta como es normal para la \u00e9poca, aunque consider\u00f3 que es menor a la que hab\u00eda el a\u00f1o pasado. A su entender, para este remate n\u00b0244 de Pantalla Uruguay, es de esperar que los precios se tonifiquen con respecto a la subasta anterior. \u201cEl mercado del gordo se destrab\u00f3, las lluvias movieron los verdeos y los agricultores est\u00e1n buscando ganado para los puentes verdes\u201d, puntualiz\u00f3.<\/p>\n","protected":false},"featured_media":21588,"parent":0,"template":"","meta":{"_acf_changed":false,"_lmt_disableupdate":"","_lmt_disable":""},"categorias_notas":[232],"class_list":["post-21478","noticia","type-noticia","status-publish","has-post-thumbnail","hentry","categorias_notas-consorcio"],"acf":[],"_links":{"self":[{"href":"https:\/\/www.pantallauruguay.com.uy\/api-pu\/wp\/v2\/noticia\/21478","targetHints":{"allow":["GET"]}}],"collection":[{"href":"https:\/\/www.pantallauruguay.com.uy\/api-pu\/wp\/v2\/noticia"}],"about":[{"href":"https:\/\/www.pantallauruguay.com.uy\/api-pu\/wp\/v2\/types\/noticia"}],"wp:featuredmedia":[{"embeddable":true,"href":"https:\/\/www.pantallauruguay.com.uy\/api-pu\/wp\/v2\/media\/21588"}],"wp:attachment":[{"href":"https:\/\/www.pantallauruguay.com.uy\/api-pu\/wp\/v2\/media?parent=21478"}],"wp:term":[{"taxonomy":"categorias_notas","embeddable":true,"href":"https:\/\/www.pantallauruguay.com.uy\/api-pu\/wp\/v2\/categorias_notas?post=21478"}],"curies":[{"name":"wp","href":"https:\/\/api.w.org\/{rel}","templated":true}]}}