{"id":21058,"date":"2022-06-28T09:21:42","date_gmt":"2022-06-28T12:21:42","guid":{"rendered":"https:\/\/pantallauruguay.com.uy\/?post_type=noticia&#038;p=21058"},"modified":"2022-06-28T09:31:57","modified_gmt":"2022-06-28T12:31:57","slug":"otto-fernandez-asumio-la-presidencia-de-pantalla-uruguay","status":"publish","type":"noticia","link":"https:\/\/www.pantallauruguay.com.uy\/noticia\/otto-fernandez-asumio-la-presidencia-de-pantalla-uruguay\/","title":{"rendered":"Otto Fern\u00e1ndez asumi\u00f3 la presidencia de Pantalla Uruguay"},"content":{"rendered":"<p><em><b>Tras dos a\u00f1os al frente de Pantalla Uruguay, Federico Jaso deja la presidencia del consorcio, asumiendo en su lugar Otto Fern\u00e1ndez. La nueva directiva estar\u00e1 conformada por Alejandro Dutra como vicepresidente adem\u00e1s de Federico Jaso, Jos\u00e9\u00a0Aicardi, Jorge Strauch, Mart\u00edn San Rom\u00e1n y Fernando de la Pe\u00f1a. \u201cHoy estamos con un consorcio renovado y en pleno proceso de crecimiento, tanto en vol\u00famenes comercializados como en la calidad de los ganados\u201d, sostuvo Jaso. En tanto, Fern\u00e1ndez asegur\u00f3 que se continuar\u00e1 trabajando en la misma l\u00ednea que hasta ahora, y se buscar\u00e1 reforzar la parte comercial potenciando a las zonas de cr\u00eda y recr\u00eda.<\/b><\/em><\/p>\n<p>El presidente saliente Federico Jaso sostuvo que fue un honor haber estado al frente del consorcio, acompa\u00f1ado por una directiva joven \u201cen la que trabajamos todos muy c\u00f3modos\u201d. Record\u00f3 que fueron dos a\u00f1os de mucho cambio en Pantalla Uruguay, tanto a nivel interno como en los procesos y en el equipo. \u201cEl balance es muy bueno. Hoy estamos con un consorcio renovado, en pleno proceso de crecimiento, tanto en vol\u00famenes comercializados como en la calidad de los ganados\u201d.<\/p>\n<p>Haciendo un balance de lo que implic\u00f3 la pandemia del Covid-19 para Pantalla Uruguay, Jaso sostuvo que termin\u00f3 convirti\u00e9ndose en una oportunidad \u201cque supimos aprovechar y capitalizar\u201d. Asegur\u00f3 que el productor encontr\u00f3 en esta forma de venta una excelente opci\u00f3n para comercializar sus ganados. \u201cSiempre buscamos darle las mejores opciones y herramientas, como lo fueron los convenios que firmamos con empresas lideres en el pa\u00eds como el Banco de Seguros del Estado y Boehringer Ingelheim\u201d. Agreg\u00f3 que \u00e9stas fueron acciones que se tomaron para \u201csumar al producto\u201d, buscando un mayor beneficio para el productor.<\/p>\n<p>Analizando el momento del mercado, Jaso se\u00f1al\u00f3 que el cierre del ejercicio agropecuario es \u201cpara encuadrar\u201d, con valores hist\u00f3ricos para la ganader\u00eda. \u201cHa sido fundamental la extracci\u00f3n y tener una industria firme y pujante. Es un tractor que va traccionando toda la cadena, lo que se ve en el mercado de la reposici\u00f3n con valores muy interesantes y remates con porcentajes de venta por encima del 95%. Es un sistema impuesto e instalado que funciona muy bien\u201d.<\/p>\n<p>Si bien Jaso permanecer\u00e1 en la directiva, se\u00f1al\u00f3 que la presidencia queda \u201cen manos de un amigo y colega como lo es Otto Fern\u00e1ndez, con una gran trayectoria y prestigio\u201d.<\/p>\n<p>En tanto, Fern\u00e1ndez sostuvo que asumir la presidencia de Pantalla Uruguay es \u201cun gran orgullo y satisfacci\u00f3n. Vimos todo el proceso de desarrollo del consorcio con cambios y transformaciones muy importantes que lo consolidaron en el mercado de venta por pantalla\u201d. A su vez, resalt\u00f3 el respaldo que tendr\u00e1 con una directiva joven con la que se continuar\u00e1 trabajando con los mismos lineamientos que hasta ahora. \u201cVamos a seguir trazando las mismas l\u00edneas con las que se ha manejado Pantalla Uruguay en estos \u00faltimos tiempos, lo que le ha permitido una transformaci\u00f3n y constante modernizaci\u00f3n para atender a las necesidades de todos los productores\u201d.<\/p>\n<p>Fern\u00e1ndez destac\u00f3 el servicio que brind\u00f3 el consorcio en estos tiempos de pandemia, \u201cgracias a un mejoramiento constante en el aspecto tecnol\u00f3gico, la practicidad en el sistema de ventas, la veracidad de la informaci\u00f3n y la transparencia en los negocios\u201d. A su vez, sostuvo que se buscar\u00e1 reforzar la parte comercial potenciando a las zonas de cr\u00eda y recr\u00eda.<\/p>\n<p>El aspecto sanitario ser\u00e1 otro de los pilares de su gesti\u00f3n. \u201cEl tema garrapata es un problema\u201d se\u00f1al\u00f3, asegurando que existe un debe en este sentido para lo cual resulta fundamental el trabajo conjunto entre autoridades, productores y los propios consignatarios. Fern\u00e1ndez manifest\u00f3 que el aporte de \u00e9stos \u00faltimos es fundamental ya que \u201cestamos en la actividad permanentemente, conocemos el d\u00eda a d\u00eda y las necesidades de la gente. Los consignatarios tenemos la responsabilidad de ser m\u00e1s participativos emitiendo opiniones a partir del conocimiento y la experiencia porque muchas veces, detr\u00e1s de una venta o de un negocio, hay un esfuerzo y una necesidad econ\u00f3mica que queda sesgada por un tema sanitario\u201d. Agreg\u00f3 que la Ley de la garrapata data de muchos a\u00f1os, por lo que no ha acompa\u00f1ado los cambios y transformaciones que ha tenido el sector.<\/p>\n<p>Fern\u00e1ndez tambi\u00e9n remarc\u00f3 que ha habido un cambio generacional, de vocaci\u00f3n y de conocimiento. \u201cNo es lo mismo un paisano que hace treinta a\u00f1os recorr\u00eda y conoc\u00eda una vaca por la mirada o por el pelo, que hoy que la gente tiene otros conocimientos y modalidades de trabajo\u201d, sentenci\u00f3.<\/p>\n","protected":false},"featured_media":21059,"parent":0,"template":"","meta":{"_acf_changed":false,"_lmt_disableupdate":"","_lmt_disable":""},"categorias_notas":[228],"class_list":["post-21058","noticia","type-noticia","status-publish","has-post-thumbnail","hentry","categorias_notas-empresarial"],"acf":[],"_links":{"self":[{"href":"https:\/\/www.pantallauruguay.com.uy\/api-pu\/wp\/v2\/noticia\/21058","targetHints":{"allow":["GET"]}}],"collection":[{"href":"https:\/\/www.pantallauruguay.com.uy\/api-pu\/wp\/v2\/noticia"}],"about":[{"href":"https:\/\/www.pantallauruguay.com.uy\/api-pu\/wp\/v2\/types\/noticia"}],"wp:featuredmedia":[{"embeddable":true,"href":"https:\/\/www.pantallauruguay.com.uy\/api-pu\/wp\/v2\/media\/21059"}],"wp:attachment":[{"href":"https:\/\/www.pantallauruguay.com.uy\/api-pu\/wp\/v2\/media?parent=21058"}],"wp:term":[{"taxonomy":"categorias_notas","embeddable":true,"href":"https:\/\/www.pantallauruguay.com.uy\/api-pu\/wp\/v2\/categorias_notas?post=21058"}],"curies":[{"name":"wp","href":"https:\/\/api.w.org\/{rel}","templated":true}]}}