{"id":20423,"date":"2022-05-27T18:10:46","date_gmt":"2022-05-27T21:10:46","guid":{"rendered":"https:\/\/pantallauruguay.com.uy\/?post_type=noticia&#038;p=20423"},"modified":"2022-05-27T18:10:46","modified_gmt":"2022-05-27T21:10:46","slug":"sigue-el-buen-momento-de-la-ganaderia-entrevista-a-fernando-de-la-pena","status":"publish","type":"noticia","link":"https:\/\/www.pantallauruguay.com.uy\/noticia\/sigue-el-buen-momento-de-la-ganaderia-entrevista-a-fernando-de-la-pena\/","title":{"rendered":"&#8220;SIGUE EL BUEN MOMENTO DE LA GANADER\u00cdA&#8221; Entrevista a Fernando de la Pe\u00f1a"},"content":{"rendered":"<p><strong><em>En un momento donde el mercado ganadero opera con agilidad y buena demanda por todas las categor\u00edas, Pantalla Uruguay vender\u00e1 este 26 y 27 de Mayo m\u00e1s de 17.000 vacunos. En esta edici\u00f3n, donde adem\u00e1s se llevar\u00e1 a cabo una nueva Ganadera Angus, el operador Fernando de la Pe\u00f1a destac\u00f3 que se vender\u00e1n ganados excepcionales que llegan a la entrada al invierno en muy buenas condiciones.<\/em><\/strong><\/p>\n<p>\u201cEstamos viendo un mercado muy \u00e1gil donde todo lo que aparece a la venta se comercializa sin problemas\u201d, sostuvo el operador. Agreg\u00f3 que se observa una muy buena demanda en todas las categor\u00edas, \u201csin duda favorecida por los valores de la hacienda gorda y por el factor clim\u00e1tico ya que ha llovido lo que tiene que llover en pr\u00e1cticamente todo el pa\u00eds\u201d. Esto provoca que las grandes ofertas que se comercializan habitualmente en los meses de marzo, abril y mayo se coloquen f\u00e1cilmente y a muy buenos valores.<\/p>\n<p>\u201cEl clima ha ayudado para que los ganados est\u00e9n en muy buen estado en la entrada del invierno\u201d. A su vez, de la Pe\u00f1a destac\u00f3 que se han hecho muchos verdeos, lo que permite que los campos tengan comida. \u201cSiempre hay productores un poco m\u00e1s precavidos pero la zafra de terneros tambi\u00e9n se adelant\u00f3, los valores ayudaron y las terneradas estaban con muy buenos pesos\u201d. Teniendo en cuenta todos estos factores, el operador estim\u00f3 que se podr\u00e1n colocar muy bien todos los ganados que saldr\u00e1n a pista en este remate donde el volumen ser\u00e1 algo inferior al ofertado en el remate de abril. De todas formas reconoci\u00f3 que los terneros enteros y pesados son la categor\u00eda que mayor dificultad tiene a la hora de comercializarse. \u201cHay muy pocos terneros castrados ya que el productor ha dejado de castrar\u201d.<\/p>\n<p>Sobre la operativa en el mercado de haciendas gordas, de la Pe\u00f1a se\u00f1al\u00f3 que siempre hay un techo y hoy los frigor\u00edficos \u201cest\u00e1n un poco m\u00e1s c\u00f3modos ya que cuentan con los ganados de cuota y encierre\u201d. Esto provoca que las entradas tambi\u00e9n se hayan alargado un poco y que las industrias est\u00e9n pasando alg\u00fan centavo menos de lo que se estaba manejando semanas atr\u00e1s. Igualmente entiende que los valores son excelentes y, si continua la faena alta, el mercado seguir\u00e1 din\u00e1mico sin grandes ajustes a la baja.<\/p>\n<p>El operador estim\u00f3 que los valores para los ganados van a seguir firmes en el resto del a\u00f1o. \u201cHay que ver qu\u00e9 pasa con los mercados internacionales que han mostrado alguna dificultad en las \u00faltimas semanas\u201d, pero sostuvo que el mercado continuar\u00e1 sostenido. En cuanto a la faena, se\u00f1al\u00f3 que habr\u00e1 que esperar a ver qu\u00e9 posici\u00f3n toma la industria. \u201cSi decide comenzar a matar menos animales quiz\u00e1s pueda haber un ajuste mayor a la baja, pero las se\u00f1ales que vemos no son esas, sino que hay avidez por faenar\u201d.<\/p>\n<p>Sobre la Ganadera Angus, sostuvo que \u201chemos certificado ganados excepcionales, por lo que habr\u00e1 una oferta de destaque para esta edici\u00f3n\u201d.<\/p>\n<p>Como siempre, para este remate, el productor contar\u00e1 con el Pre Martillo para acceder a adelantos en todas las categor\u00edas adem\u00e1s de descuentos por preofertas de 17%. La financiaci\u00f3n estar\u00e1 a cargo de Banco ITAU con 90 d\u00edas libres y hasta un a\u00f1o previa consulta.<\/p>\n","protected":false},"featured_media":20428,"parent":0,"template":"","meta":{"_acf_changed":false,"_lmt_disableupdate":"","_lmt_disable":""},"categorias_notas":[40],"class_list":["post-20423","noticia","type-noticia","status-publish","has-post-thumbnail","hentry","categorias_notas-equipo"],"acf":[],"_links":{"self":[{"href":"https:\/\/www.pantallauruguay.com.uy\/api-pu\/wp\/v2\/noticia\/20423","targetHints":{"allow":["GET"]}}],"collection":[{"href":"https:\/\/www.pantallauruguay.com.uy\/api-pu\/wp\/v2\/noticia"}],"about":[{"href":"https:\/\/www.pantallauruguay.com.uy\/api-pu\/wp\/v2\/types\/noticia"}],"wp:featuredmedia":[{"embeddable":true,"href":"https:\/\/www.pantallauruguay.com.uy\/api-pu\/wp\/v2\/media\/20428"}],"wp:attachment":[{"href":"https:\/\/www.pantallauruguay.com.uy\/api-pu\/wp\/v2\/media?parent=20423"}],"wp:term":[{"taxonomy":"categorias_notas","embeddable":true,"href":"https:\/\/www.pantallauruguay.com.uy\/api-pu\/wp\/v2\/categorias_notas?post=20423"}],"curies":[{"name":"wp","href":"https:\/\/api.w.org\/{rel}","templated":true}]}}