{"id":13863,"date":"2021-11-27T12:21:16","date_gmt":"2021-11-27T15:21:16","guid":{"rendered":"https:\/\/pantallauruguay.com.uy\/?post_type=noticia&#038;p=13863"},"modified":"2021-11-27T12:22:54","modified_gmt":"2021-11-27T15:22:54","slug":"en-el-tema-ambiental-deberia-haber-un-sistema-de-premios-y-castigos","status":"publish","type":"noticia","link":"https:\/\/www.pantallauruguay.com.uy\/noticia\/en-el-tema-ambiental-deberia-haber-un-sistema-de-premios-y-castigos\/","title":{"rendered":"\u201cEN EL TEMA AMBIENTAL DEBER\u00cdA HABER UN SISTEMA DE PREMIOS Y CASTIGOS\u201d"},"content":{"rendered":"<div>\n<h3><b>Uruguay finalmente adhiri\u00f3, en la cumbre de Glasgow, al compromiso de reducir 30% en todo el mundo las emisiones de metano para 2030. El ministro de Ambiente Adri\u00e1n Pe\u00f1a explic\u00f3 que hubo cambios que motivaran que Uruguay, al igual que Brasil y Argentina, adhirieran a este acuerdo, y uno de esos cambios es que no se obliga por igual a todos los pa\u00edses. Pe\u00f1a sostuvo que es una se\u00f1al que Uruguay diga que se compromete a reducir el metano, y asegur\u00f3 que se termin\u00f3 la hora de los discursos y los anuncios, y que deber\u00eda haber un sistema de premios y castigos para motivar el cumplimiento del acuerdo.<\/b><\/h3>\n<\/div>\n<div>\n<p>&nbsp;<\/p>\n<p>Pe\u00f1a explic\u00f3 que el metano tiene una vida mucho menor al CO2, pero su influencia en el calentamiento es muy superior. \u201cA nosotros nos interesa que quede claro que Uruguay va a en un camino de reducci\u00f3n de metano\u201d. A su vez reconoci\u00f3 que todas las acciones que se han tomado hasta ahora a nivel mundial para reducir 1,5 grados el calentamiento global con respecto a la etapa preindustrial han fracasado. Por lo cual, es fundamental que los pa\u00edses alcancen acuerdos que se cumplan.<\/p>\n<\/div>\n<div>\n<p>Si bien Uruguay no ten\u00eda pensado firmar este compromiso, termin\u00f3 adhiriendo debido a que hubo algunos cambios con respecto a la idea original. Uno de ellos fue que ahora hay un p\u00e1rrafo que establece que no se obliga por igual a todos los pa\u00edses. \u201cAc\u00e1 hay grandes emisores que no son Uruguay. La declaraci\u00f3n ahora lo contiene y pone el foco ah\u00ed&#8221;, se\u00f1al\u00f3 el ministro de Ambiente. A su vez record\u00f3 que Brasil y Argentina tambi\u00e9n terminaron adhiriendo a este acuerdo.<\/p>\n<\/div>\n<div>\n<p>Pe\u00f1a record\u00f3 que &#8220;las emisiones de metano en nuestro pa\u00eds obedecen b\u00e1sicamente a la producci\u00f3n agropecuaria\u201d, lo que termina generando un cuestionamiento a la ganader\u00eda. De todas formas aclar\u00f3 que \u201cla mayor cantidad de emisiones en el mundo son por p\u00e9rdidas de gas natural, un problema que Uruguay no tiene. Estamos de acuerdo con reducir metano, pero primero ataquemos la reducci\u00f3n de emisiones de gas natural, que es metano que sale del subsuelo. Es una gran diferencia con el metano que sale de la producci\u00f3n agropecuaria, que es parte del ciclo biol\u00f3gico&#8221;.<\/p>\n<\/div>\n<div>\n<p>El ministro se\u00f1al\u00f3 que a su vez \u201cqueremos poner en valor el sistema productivo nacional y c\u00f3mo lo estamos encarando\u201d. En este sentido remarc\u00f3 que el pa\u00eds est\u00e1 trabajando en la medici\u00f3n de la huella ambiental de la ganader\u00eda, para transparentar la informaci\u00f3n e identificar en qu\u00e9 \u00e1reas se est\u00e1 peor. A su vez, destac\u00f3 que existen pr\u00e1cticas como la rotaci\u00f3n de cultivos, el pastoreo, la utilizaci\u00f3n de aditivos en la alimentaci\u00f3n, etc., que permiten bajar de manera sostenible las emisiones. \u201cHay que dejar claro que Uruguay es de los mejores de la clase\u201d.<\/p>\n<\/div>\n<div>\n<p>Por lo tanto, Pe\u00f1a sostuvo que, con estos puntos claros, y que \u201cla baja del 30% es una meta global, y no que todos los pa\u00edses deben bajar 30%, fue que adherimos&#8221;. El ministro se\u00f1al\u00f3 que es una se\u00f1al que Uruguay diga que se compromete a reducir el metano, y que est\u00e1 dispuesto a que lo auditen, pero sostuvo que tambi\u00e9n se pide que \u201cse nos tenga en cuenta. Poco de lo que Uruguay haga va a cambiar la situaci\u00f3n en materia de cambio clim\u00e1tico, porque es marginal lo que emite de metano y CO2. Sin embargo, es un gran afectado por el cambio clim\u00e1tico. Esto no es un tema de Escocia, de cient\u00edficos que se juntan o de cient\u00edficos de la ONU. Para Uruguay es un tema muy complicado\u201d, remarc\u00f3. Pe\u00f1a sostuvo que para un pa\u00eds que vive de la producci\u00f3n agroindustrial, eventos como sequ\u00edas, heladas, inundaciones u olas de calor, atentan directamente contra su sistema productivo.<\/p>\n<\/div>\n<div>\n<p>Para el ministro de Ambiente, se termin\u00f3 la hora de los discursos, los anuncios y \u201cel quedar bien para la tribuna\u201d. A su entender, en este tema deber\u00eda haber un sistema de premios y castigos. Agreg\u00f3 que las dos grandes \u00e1reas son la mitigaci\u00f3n y la adaptaci\u00f3n al cambio clim\u00e1tico. Para eso, los pa\u00edses en desarrollo necesitan recursos de los pa\u00edses desarrollados.<\/p>\n<\/div>\n<div>\n<p>Por \u00faltimo Pe\u00f1a resalt\u00f3 que Uruguay tiene una oportunidad de distinguirse del resto de los pa\u00edses de la regi\u00f3n y del mundo, pero necesitamos que eso sea puesto en valor y considerado. Cabe se\u00f1alar que nuestro pa\u00eds tambi\u00e9n se adhiri\u00f3 al convenio vinculado a la reforestaci\u00f3n \u201cque es un acuerdo que va en l\u00ednea con lo que Uruguay viene haciendo\u201d. Se trata de un compromiso de los pa\u00edses de no avanzar sobre bosques naturales, algo que Uruguay tiene por Ley conservar, mantener y regenerar. Record\u00f3 que este acuerdo fue firmado incluso por Brasil.<\/p>\n<div>\n<h4>\u201cLa mayor cantidad de emisiones en el mundo son por p\u00e9rdidas de gas natural, un problema que Uruguay no tiene\u201d<\/h4>\n<\/div>\n<\/div>\n","protected":false},"featured_media":13856,"parent":0,"template":"","meta":{"_acf_changed":false,"_lmt_disableupdate":"","_lmt_disable":""},"categorias_notas":[11],"class_list":["post-13863","noticia","type-noticia","status-publish","has-post-thumbnail","hentry","categorias_notas-actualidad"],"acf":[],"_links":{"self":[{"href":"https:\/\/www.pantallauruguay.com.uy\/api-pu\/wp\/v2\/noticia\/13863","targetHints":{"allow":["GET"]}}],"collection":[{"href":"https:\/\/www.pantallauruguay.com.uy\/api-pu\/wp\/v2\/noticia"}],"about":[{"href":"https:\/\/www.pantallauruguay.com.uy\/api-pu\/wp\/v2\/types\/noticia"}],"wp:featuredmedia":[{"embeddable":true,"href":"https:\/\/www.pantallauruguay.com.uy\/api-pu\/wp\/v2\/media\/13856"}],"wp:attachment":[{"href":"https:\/\/www.pantallauruguay.com.uy\/api-pu\/wp\/v2\/media?parent=13863"}],"wp:term":[{"taxonomy":"categorias_notas","embeddable":true,"href":"https:\/\/www.pantallauruguay.com.uy\/api-pu\/wp\/v2\/categorias_notas?post=13863"}],"curies":[{"name":"wp","href":"https:\/\/api.w.org\/{rel}","templated":true}]}}