{"id":13855,"date":"2021-11-27T09:31:32","date_gmt":"2021-11-27T12:31:32","guid":{"rendered":"https:\/\/pantallauruguay.com.uy\/?post_type=noticia&#038;p=13855"},"modified":"2021-11-27T12:08:15","modified_gmt":"2021-11-27T15:08:15","slug":"la-ganadera-hereford-es-referencia-en-precios","status":"publish","type":"noticia","link":"https:\/\/www.pantallauruguay.com.uy\/noticia\/la-ganadera-hereford-es-referencia-en-precios\/","title":{"rendered":"&#8220;LA GANADERA HEREFORD ES REFERENCIA EN PRECIOS&#8221;"},"content":{"rendered":"<h3><strong><em>En el marco del remate 234\u00b0 de Pantalla Uruguay se realizar\u00e1 la tradicional Ganadera Hereford, una instancia en la que el productor puede hacerse de ganados reconocidos, de calidad y con gen\u00e9tica superior. Fernando Alfonso, presidente de la Sociedad de Criadores de la raza destac\u00f3 que \u00e9sta siempre es una instancia muy interesante que marca una referencia en el mercado, donde el productor puede aprovechar la oportunidad para adquirir ganados superiores.<\/em><\/strong><\/h3>\n<p><img loading=\"lazy\" decoding=\"async\" class=\"size-medium wp-image-13858 alignright\" src=\"https:\/\/www.pantallauruguay.com.uy\/wp-content\/uploads\/2021\/11\/Nota-234-003-300x213.jpg\" alt=\"\" width=\"300\" height=\"213\" srcset=\"https:\/\/www.pantallauruguay.com.uy\/wp-content\/uploads\/2021\/11\/Nota-234-003-300x213.jpg 300w, https:\/\/www.pantallauruguay.com.uy\/wp-content\/uploads\/2021\/11\/Nota-234-003-768x545.jpg 768w, https:\/\/www.pantallauruguay.com.uy\/wp-content\/uploads\/2021\/11\/Nota-234-003.jpg 1020w\" sizes=\"auto, (max-width: 300px) 100vw, 300px\" \/><\/p>\n<p>Si bien se ha avanzado mucho en cuanto a los sistemas de venta, la Ganadera Hereford fue de las pioneras en los remates por pantalla, marcando una referencia de precios para el mercado que se mantiene hasta el d\u00eda de hoy. \u201cHoy es una referencia tanto para el que vende como para el que compra, ya que tiene la oportunidad de adquirir ganados de estancia reconocidos y de muy buena calidad\u201d. Alfonso sostuvo que, como es tradicional en esta \u00e9poca del a\u00f1o, por el momento reproductivo en el que estamos, se observa un mayor inter\u00e9s por las hembras y en particular las piezas de cr\u00eda. De todas formas, la calidad del ganado y el nivel gen\u00e9tico provoca que haya inter\u00e9s y precios diferenciales por todas las categor\u00edas que salen a pista.<\/p>\n<p>Analizando el a\u00f1o para la Sociedad de Criadores de Hereford, Alfonso sostuvo que, pese a la pandemia que motiv\u00f3 a suspender o modificar algunas actividades, otras se pudieron desarrollar normalmente con resultados satisfactorios. \u201cPor suerte la Expo Prado fue un \u00e9xito, as\u00ed como la zafra de reproductores\u201d, destac\u00f3. En este sentido se\u00f1al\u00f3 que ha sido una zafra muy positiva para la raza con un mayor n\u00famero de remates auspiciados por la Sociedad, m\u00e1s toros vendidos y mejores precios. \u201cFue el a\u00f1o de mayor volumen de ventas y de mejor promedio de precios de los \u00faltimos 8 a\u00f1os\u201d, grafic\u00f3.<\/p>\n<p>En tanto, el pr\u00f3ximo 30 de noviembre, se realizar\u00e1 la jornada \u201cGen\u00e9tica para una ganader\u00eda sustentable\u201d organizada junto al Instituto Nacional de Investigaci\u00f3n Agropecuaria (INIA) en la que participar\u00e1n los ministros de Ganader\u00eda, Agricultura y Pesca, Fernando Mattos y de Ambiente Adri\u00e1n Pe\u00f1a. \u00a0\u201cHabr\u00e1 cuatro charlas b\u00e1sicamente enfocadas en la eficiencia de conversi\u00f3n y en los gases de efecto invernadero que son dos ensayos que estamos llevando adelante desde ya hace un tiempo en la Central de Pruebas de Kiy\u00fa\u201d. Adem\u00e1s se podr\u00e1n ver funcionando los comederos instalados all\u00ed y a los novillos ya en su fase de terminaci\u00f3n.<\/p>\n<p>En tanto, el 10 de diciembre se llevar\u00e1 a cabo la fiesta de fin de a\u00f1o de la Sociedad en el marco de los 75 a\u00f1os de la gremial. \u201cVamos a realizar el evento en el Centro de Convenciones de Punta del Este junto al cl\u00e1sico remate Madres Superiores donde se ofrece lo mejor de las hembras de la raza, algunos embriones y receptoras pre\u00f1adas\u201d, en un evento en el que ya hay 170 personas inscriptas.<\/p>\n<p>Para el 2022 Alfonso destac\u00f3 la Expo Durazno en los primeros d\u00edas de marzo, as\u00ed como la Expo Nacional de la raza que se realizar\u00e1 en Soriano.<\/p>\n","protected":false},"featured_media":13862,"parent":0,"template":"","meta":{"_acf_changed":false,"_lmt_disableupdate":"","_lmt_disable":""},"categorias_notas":[9,84],"class_list":["post-13855","noticia","type-noticia","status-publish","has-post-thumbnail","hentry","categorias_notas-noticias","categorias_notas-produccion"],"acf":[],"_links":{"self":[{"href":"https:\/\/www.pantallauruguay.com.uy\/api-pu\/wp\/v2\/noticia\/13855","targetHints":{"allow":["GET"]}}],"collection":[{"href":"https:\/\/www.pantallauruguay.com.uy\/api-pu\/wp\/v2\/noticia"}],"about":[{"href":"https:\/\/www.pantallauruguay.com.uy\/api-pu\/wp\/v2\/types\/noticia"}],"wp:featuredmedia":[{"embeddable":true,"href":"https:\/\/www.pantallauruguay.com.uy\/api-pu\/wp\/v2\/media\/13862"}],"wp:attachment":[{"href":"https:\/\/www.pantallauruguay.com.uy\/api-pu\/wp\/v2\/media?parent=13855"}],"wp:term":[{"taxonomy":"categorias_notas","embeddable":true,"href":"https:\/\/www.pantallauruguay.com.uy\/api-pu\/wp\/v2\/categorias_notas?post=13855"}],"curies":[{"name":"wp","href":"https:\/\/api.w.org\/{rel}","templated":true}]}}